{"id":1950,"date":"2024-11-21T09:32:56","date_gmt":"2024-11-21T09:32:56","guid":{"rendered":"https:\/\/poblaflorbodas.poblaflor.com\/?p=1950"},"modified":"2025-11-27T10:06:11","modified_gmt":"2025-11-27T10:06:11","slug":"marcia-y-dani-abejuela","status":"publish","type":"post","link":"https:\/\/poblaflorbodas.poblaflor.com\/index.php\/2024\/11\/21\/marcia-y-dani-abejuela\/","title":{"rendered":"MARCIA Y DANI. ABEJUELA"},"content":{"rendered":"\n<p class=\"has-text-align-center has-medium-font-size\">Tiempo atr\u00e1s estuvimos de boda en Abejuela, un pueblecito de la provincia de Teruel.<\/p>\n\n\n\n<p class=\"has-text-align-center has-medium-font-size\">Recuerdo a nuestros novios cuando vinieron a nuestra primera cita, eran Fallas y Marcia vino guap\u00edsima con sus mo\u00f1os de fallera.<\/p>\n\n\n\n<p class=\"has-text-align-center has-medium-font-size\">Quer\u00eda que su ramo fuera de flor preservada y con tonos morados. Y que este tono estuviera presente en la ceremonia y en el sal\u00f3n (<a href=\"https:\/\/elcierzodejavalambre.es\/\">El cierzo de Javalambre \u2013 Arco de las Salinas<\/a>). Lo hicimos de forma sutil con lisianthus. Seg\u00fan nuestros novios \u201cUn hermoso trabajo\u201d.<\/p>\n\n\n\n<p class=\"has-text-align-center has-medium-font-size\">Adem\u00e1s, este ramo de novia nos sali\u00f3 viajero, se fue a Argentina con la mam\u00e1 de Marcia. Y llego genial. Es una de las ventajas de elegir flor preservada para tu ramo.<\/p>\n\n\n\n<p class=\"has-text-align-center has-medium-font-size\">Muchas gracias por pensar en nosotros para este momento tan especial.<\/p>\n\n\n\n<figure class=\"wp-block-gallery has-nested-images columns-default is-cropped wp-block-gallery-1 is-layout-flex wp-block-gallery-is-layout-flex\">\n<figure data-wp-context=\"{&quot;imageId&quot;:&quot;69f23f498e92e&quot;}\" data-wp-interactive=\"core\/image\" data-wp-key=\"69f23f498e92e\" class=\"wp-block-image size-large wp-lightbox-container\"><img fetchpriority=\"high\" decoding=\"async\" width=\"768\" height=\"1024\" data-wp-class--hide=\"state.isContentHidden\" data-wp-class--show=\"state.isContentVisible\" data-wp-init=\"callbacks.setButtonStyles\" data-wp-on--click=\"actions.showLightbox\" data-wp-on--load=\"callbacks.setButtonStyles\" data-wp-on-window--resize=\"callbacks.setButtonStyles\" data-id=\"1955\" src=\"https:\/\/poblaflorbodas.poblaflor.com\/wp-content\/uploads\/2024\/11\/Marcia-y-Dani-5-768x1024.jpeg\" alt=\"prendido novio preservado\" class=\"wp-image-1955\" srcset=\"https:\/\/poblaflorbodas.poblaflor.com\/wp-content\/uploads\/2024\/11\/Marcia-y-Dani-5-768x1024.jpeg 768w, https:\/\/poblaflorbodas.poblaflor.com\/wp-content\/uploads\/2024\/11\/Marcia-y-Dani-5-225x300.jpeg 225w, https:\/\/poblaflorbodas.poblaflor.com\/wp-content\/uploads\/2024\/11\/Marcia-y-Dani-5-1152x1536.jpeg 1152w, https:\/\/poblaflorbodas.poblaflor.com\/wp-content\/uploads\/2024\/11\/Marcia-y-Dani-5-1000x1333.jpeg 1000w, https:\/\/poblaflorbodas.poblaflor.com\/wp-content\/uploads\/2024\/11\/Marcia-y-Dani-5-230x307.jpeg 230w, https:\/\/poblaflorbodas.poblaflor.com\/wp-content\/uploads\/2024\/11\/Marcia-y-Dani-5-350x467.jpeg 350w, https:\/\/poblaflorbodas.poblaflor.com\/wp-content\/uploads\/2024\/11\/Marcia-y-Dani-5-480x640.jpeg 480w, https:\/\/poblaflorbodas.poblaflor.com\/wp-content\/uploads\/2024\/11\/Marcia-y-Dani-5.jpeg 1536w\" sizes=\"(max-width: 768px) 100vw, 768px\" \/><button\n\t\t\tclass=\"lightbox-trigger\"\n\t\t\ttype=\"button\"\n\t\t\taria-haspopup=\"dialog\"\n\t\t\taria-label=\"Agrandar\"\n\t\t\tdata-wp-init=\"callbacks.initTriggerButton\"\n\t\t\tdata-wp-on--click=\"actions.showLightbox\"\n\t\t\tdata-wp-style--right=\"state.imageButtonRight\"\n\t\t\tdata-wp-style--top=\"state.imageButtonTop\"\n\t\t>\n\t\t\t<svg xmlns=\"http:\/\/www.w3.org\/2000\/svg\" width=\"12\" height=\"12\" fill=\"none\" viewBox=\"0 0 12 12\">\n\t\t\t\t<path fill=\"#fff\" d=\"M2 0a2 2 0 0 0-2 2v2h1.5V2a.5.5 0 0 1 .5-.5h2V0H2Zm2 10.5H2a.5.5 0 0 1-.5-.5V8H0v2a2 2 0 0 0 2 2h2v-1.5ZM8 12v-1.5h2a.5.5 0 0 0 .5-.5V8H12v2a2 2 0 0 1-2 2H8Zm2-12a2 2 0 0 1 2 2v2h-1.5V2a.5.5 0 0 0-.5-.5H8V0h2Z\" \/>\n\t\t\t<\/svg>\n\t\t<\/button><\/figure>\n\n\n\n<figure data-wp-context=\"{&quot;imageId&quot;:&quot;69f23f498ed70&quot;}\" data-wp-interactive=\"core\/image\" data-wp-key=\"69f23f498ed70\" class=\"wp-block-image size-large wp-lightbox-container\"><img decoding=\"async\" width=\"768\" height=\"1024\" data-wp-class--hide=\"state.isContentHidden\" data-wp-class--show=\"state.isContentVisible\" data-wp-init=\"callbacks.setButtonStyles\" data-wp-on--click=\"actions.showLightbox\" data-wp-on--load=\"callbacks.setButtonStyles\" data-wp-on-window--resize=\"callbacks.setButtonStyles\" data-id=\"1954\" src=\"https:\/\/poblaflorbodas.poblaflor.com\/wp-content\/uploads\/2024\/11\/Marcia-y-Dani-4-768x1024.jpeg\" alt=\"rosa morada preservada\" class=\"wp-image-1954\" srcset=\"https:\/\/poblaflorbodas.poblaflor.com\/wp-content\/uploads\/2024\/11\/Marcia-y-Dani-4-768x1024.jpeg 768w, https:\/\/poblaflorbodas.poblaflor.com\/wp-content\/uploads\/2024\/11\/Marcia-y-Dani-4-225x300.jpeg 225w, https:\/\/poblaflorbodas.poblaflor.com\/wp-content\/uploads\/2024\/11\/Marcia-y-Dani-4-1152x1536.jpeg 1152w, https:\/\/poblaflorbodas.poblaflor.com\/wp-content\/uploads\/2024\/11\/Marcia-y-Dani-4-1000x1333.jpeg 1000w, https:\/\/poblaflorbodas.poblaflor.com\/wp-content\/uploads\/2024\/11\/Marcia-y-Dani-4-230x307.jpeg 230w, https:\/\/poblaflorbodas.poblaflor.com\/wp-content\/uploads\/2024\/11\/Marcia-y-Dani-4-350x467.jpeg 350w, https:\/\/poblaflorbodas.poblaflor.com\/wp-content\/uploads\/2024\/11\/Marcia-y-Dani-4-480x640.jpeg 480w, https:\/\/poblaflorbodas.poblaflor.com\/wp-content\/uploads\/2024\/11\/Marcia-y-Dani-4.jpeg 1536w\" sizes=\"(max-width: 768px) 100vw, 768px\" \/><button\n\t\t\tclass=\"lightbox-trigger\"\n\t\t\ttype=\"button\"\n\t\t\taria-haspopup=\"dialog\"\n\t\t\taria-label=\"Agrandar\"\n\t\t\tdata-wp-init=\"callbacks.initTriggerButton\"\n\t\t\tdata-wp-on--click=\"actions.showLightbox\"\n\t\t\tdata-wp-style--right=\"state.imageButtonRight\"\n\t\t\tdata-wp-style--top=\"state.imageButtonTop\"\n\t\t>\n\t\t\t<svg xmlns=\"http:\/\/www.w3.org\/2000\/svg\" width=\"12\" height=\"12\" fill=\"none\" viewBox=\"0 0 12 12\">\n\t\t\t\t<path fill=\"#fff\" d=\"M2 0a2 2 0 0 0-2 2v2h1.5V2a.5.5 0 0 1 .5-.5h2V0H2Zm2 10.5H2a.5.5 0 0 1-.5-.5V8H0v2a2 2 0 0 0 2 2h2v-1.5ZM8 12v-1.5h2a.5.5 0 0 0 .5-.5V8H12v2a2 2 0 0 1-2 2H8Zm2-12a2 2 0 0 1 2 2v2h-1.5V2a.5.5 0 0 0-.5-.5H8V0h2Z\" \/>\n\t\t\t<\/svg>\n\t\t<\/button><\/figure>\n\n\n\n<figure data-wp-context=\"{&quot;imageId&quot;:&quot;69f23f498f0bd&quot;}\" data-wp-interactive=\"core\/image\" data-wp-key=\"69f23f498f0bd\" class=\"wp-block-image size-large wp-lightbox-container\"><img decoding=\"async\" width=\"768\" height=\"1024\" data-wp-class--hide=\"state.isContentHidden\" data-wp-class--show=\"state.isContentVisible\" data-wp-init=\"callbacks.setButtonStyles\" data-wp-on--click=\"actions.showLightbox\" data-wp-on--load=\"callbacks.setButtonStyles\" data-wp-on-window--resize=\"callbacks.setButtonStyles\" data-id=\"1953\" src=\"https:\/\/poblaflorbodas.poblaflor.com\/wp-content\/uploads\/2024\/11\/Marcia-y-Dani-3-768x1024.jpeg\" alt=\"\" class=\"wp-image-1953\" srcset=\"https:\/\/poblaflorbodas.poblaflor.com\/wp-content\/uploads\/2024\/11\/Marcia-y-Dani-3-768x1024.jpeg 768w, https:\/\/poblaflorbodas.poblaflor.com\/wp-content\/uploads\/2024\/11\/Marcia-y-Dani-3-225x300.jpeg 225w, https:\/\/poblaflorbodas.poblaflor.com\/wp-content\/uploads\/2024\/11\/Marcia-y-Dani-3-1152x1536.jpeg 1152w, https:\/\/poblaflorbodas.poblaflor.com\/wp-content\/uploads\/2024\/11\/Marcia-y-Dani-3-1000x1333.jpeg 1000w, https:\/\/poblaflorbodas.poblaflor.com\/wp-content\/uploads\/2024\/11\/Marcia-y-Dani-3-230x307.jpeg 230w, https:\/\/poblaflorbodas.poblaflor.com\/wp-content\/uploads\/2024\/11\/Marcia-y-Dani-3-350x467.jpeg 350w, https:\/\/poblaflorbodas.poblaflor.com\/wp-content\/uploads\/2024\/11\/Marcia-y-Dani-3-480x640.jpeg 480w, https:\/\/poblaflorbodas.poblaflor.com\/wp-content\/uploads\/2024\/11\/Marcia-y-Dani-3.jpeg 1536w\" sizes=\"(max-width: 768px) 100vw, 768px\" \/><button\n\t\t\tclass=\"lightbox-trigger\"\n\t\t\ttype=\"button\"\n\t\t\taria-haspopup=\"dialog\"\n\t\t\taria-label=\"Agrandar\"\n\t\t\tdata-wp-init=\"callbacks.initTriggerButton\"\n\t\t\tdata-wp-on--click=\"actions.showLightbox\"\n\t\t\tdata-wp-style--right=\"state.imageButtonRight\"\n\t\t\tdata-wp-style--top=\"state.imageButtonTop\"\n\t\t>\n\t\t\t<svg xmlns=\"http:\/\/www.w3.org\/2000\/svg\" width=\"12\" height=\"12\" fill=\"none\" viewBox=\"0 0 12 12\">\n\t\t\t\t<path fill=\"#fff\" d=\"M2 0a2 2 0 0 0-2 2v2h1.5V2a.5.5 0 0 1 .5-.5h2V0H2Zm2 10.5H2a.5.5 0 0 1-.5-.5V8H0v2a2 2 0 0 0 2 2h2v-1.5ZM8 12v-1.5h2a.5.5 0 0 0 .5-.5V8H12v2a2 2 0 0 1-2 2H8Zm2-12a2 2 0 0 1 2 2v2h-1.5V2a.5.5 0 0 0-.5-.5H8V0h2Z\" \/>\n\t\t\t<\/svg>\n\t\t<\/button><\/figure>\n\n\n\n<figure data-wp-context=\"{&quot;imageId&quot;:&quot;69f23f498f415&quot;}\" data-wp-interactive=\"core\/image\" data-wp-key=\"69f23f498f415\" class=\"wp-block-image size-large wp-lightbox-container\"><img loading=\"lazy\" decoding=\"async\" width=\"768\" height=\"1024\" data-wp-class--hide=\"state.isContentHidden\" data-wp-class--show=\"state.isContentVisible\" data-wp-init=\"callbacks.setButtonStyles\" data-wp-on--click=\"actions.showLightbox\" data-wp-on--load=\"callbacks.setButtonStyles\" data-wp-on-window--resize=\"callbacks.setButtonStyles\" data-id=\"1952\" src=\"https:\/\/poblaflorbodas.poblaflor.com\/wp-content\/uploads\/2024\/11\/Marcia-y-Dani-2-768x1024.jpeg\" alt=\"detalle ramo preservado\" class=\"wp-image-1952\" srcset=\"https:\/\/poblaflorbodas.poblaflor.com\/wp-content\/uploads\/2024\/11\/Marcia-y-Dani-2-768x1024.jpeg 768w, https:\/\/poblaflorbodas.poblaflor.com\/wp-content\/uploads\/2024\/11\/Marcia-y-Dani-2-225x300.jpeg 225w, https:\/\/poblaflorbodas.poblaflor.com\/wp-content\/uploads\/2024\/11\/Marcia-y-Dani-2-1152x1536.jpeg 1152w, https:\/\/poblaflorbodas.poblaflor.com\/wp-content\/uploads\/2024\/11\/Marcia-y-Dani-2-1000x1333.jpeg 1000w, https:\/\/poblaflorbodas.poblaflor.com\/wp-content\/uploads\/2024\/11\/Marcia-y-Dani-2-230x307.jpeg 230w, https:\/\/poblaflorbodas.poblaflor.com\/wp-content\/uploads\/2024\/11\/Marcia-y-Dani-2-350x467.jpeg 350w, https:\/\/poblaflorbodas.poblaflor.com\/wp-content\/uploads\/2024\/11\/Marcia-y-Dani-2-480x640.jpeg 480w, https:\/\/poblaflorbodas.poblaflor.com\/wp-content\/uploads\/2024\/11\/Marcia-y-Dani-2.jpeg 1536w\" sizes=\"(max-width: 768px) 100vw, 768px\" \/><button\n\t\t\tclass=\"lightbox-trigger\"\n\t\t\ttype=\"button\"\n\t\t\taria-haspopup=\"dialog\"\n\t\t\taria-label=\"Agrandar\"\n\t\t\tdata-wp-init=\"callbacks.initTriggerButton\"\n\t\t\tdata-wp-on--click=\"actions.showLightbox\"\n\t\t\tdata-wp-style--right=\"state.imageButtonRight\"\n\t\t\tdata-wp-style--top=\"state.imageButtonTop\"\n\t\t>\n\t\t\t<svg xmlns=\"http:\/\/www.w3.org\/2000\/svg\" width=\"12\" height=\"12\" fill=\"none\" viewBox=\"0 0 12 12\">\n\t\t\t\t<path fill=\"#fff\" d=\"M2 0a2 2 0 0 0-2 2v2h1.5V2a.5.5 0 0 1 .5-.5h2V0H2Zm2 10.5H2a.5.5 0 0 1-.5-.5V8H0v2a2 2 0 0 0 2 2h2v-1.5ZM8 12v-1.5h2a.5.5 0 0 0 .5-.5V8H12v2a2 2 0 0 1-2 2H8Zm2-12a2 2 0 0 1 2 2v2h-1.5V2a.5.5 0 0 0-.5-.5H8V0h2Z\" \/>\n\t\t\t<\/svg>\n\t\t<\/button><\/figure>\n\n\n\n<figure data-wp-context=\"{&quot;imageId&quot;:&quot;69f23f498f76b&quot;}\" data-wp-interactive=\"core\/image\" data-wp-key=\"69f23f498f76b\" class=\"wp-block-image size-large wp-lightbox-container\"><img loading=\"lazy\" decoding=\"async\" width=\"768\" height=\"1024\" data-wp-class--hide=\"state.isContentHidden\" data-wp-class--show=\"state.isContentVisible\" data-wp-init=\"callbacks.setButtonStyles\" data-wp-on--click=\"actions.showLightbox\" data-wp-on--load=\"callbacks.setButtonStyles\" data-wp-on-window--resize=\"callbacks.setButtonStyles\" data-id=\"1951\" src=\"https:\/\/poblaflorbodas.poblaflor.com\/wp-content\/uploads\/2024\/11\/Marcia-y-Dani-1-768x1024.jpeg\" alt=\"solapas\" class=\"wp-image-1951\" srcset=\"https:\/\/poblaflorbodas.poblaflor.com\/wp-content\/uploads\/2024\/11\/Marcia-y-Dani-1-768x1024.jpeg 768w, https:\/\/poblaflorbodas.poblaflor.com\/wp-content\/uploads\/2024\/11\/Marcia-y-Dani-1-225x300.jpeg 225w, https:\/\/poblaflorbodas.poblaflor.com\/wp-content\/uploads\/2024\/11\/Marcia-y-Dani-1-1152x1536.jpeg 1152w, https:\/\/poblaflorbodas.poblaflor.com\/wp-content\/uploads\/2024\/11\/Marcia-y-Dani-1-1000x1333.jpeg 1000w, https:\/\/poblaflorbodas.poblaflor.com\/wp-content\/uploads\/2024\/11\/Marcia-y-Dani-1-230x307.jpeg 230w, https:\/\/poblaflorbodas.poblaflor.com\/wp-content\/uploads\/2024\/11\/Marcia-y-Dani-1-350x467.jpeg 350w, https:\/\/poblaflorbodas.poblaflor.com\/wp-content\/uploads\/2024\/11\/Marcia-y-Dani-1-480x640.jpeg 480w, https:\/\/poblaflorbodas.poblaflor.com\/wp-content\/uploads\/2024\/11\/Marcia-y-Dani-1.jpeg 1536w\" sizes=\"(max-width: 768px) 100vw, 768px\" \/><button\n\t\t\tclass=\"lightbox-trigger\"\n\t\t\ttype=\"button\"\n\t\t\taria-haspopup=\"dialog\"\n\t\t\taria-label=\"Agrandar\"\n\t\t\tdata-wp-init=\"callbacks.initTriggerButton\"\n\t\t\tdata-wp-on--click=\"actions.showLightbox\"\n\t\t\tdata-wp-style--right=\"state.imageButtonRight\"\n\t\t\tdata-wp-style--top=\"state.imageButtonTop\"\n\t\t>\n\t\t\t<svg xmlns=\"http:\/\/www.w3.org\/2000\/svg\" width=\"12\" height=\"12\" fill=\"none\" viewBox=\"0 0 12 12\">\n\t\t\t\t<path fill=\"#fff\" d=\"M2 0a2 2 0 0 0-2 2v2h1.5V2a.5.5 0 0 1 .5-.5h2V0H2Zm2 10.5H2a.5.5 0 0 1-.5-.5V8H0v2a2 2 0 0 0 2 2h2v-1.5ZM8 12v-1.5h2a.5.5 0 0 0 .5-.5V8H12v2a2 2 0 0 1-2 2H8Zm2-12a2 2 0 0 1 2 2v2h-1.5V2a.5.5 0 0 0-.5-.5H8V0h2Z\" \/>\n\t\t\t<\/svg>\n\t\t<\/button><\/figure>\n\n\n\n<figure data-wp-context=\"{&quot;imageId&quot;:&quot;69f23f498fae8&quot;}\" data-wp-interactive=\"core\/image\" data-wp-key=\"69f23f498fae8\" class=\"wp-block-image size-large wp-lightbox-container\"><img loading=\"lazy\" decoding=\"async\" width=\"644\" height=\"810\" data-wp-class--hide=\"state.isContentHidden\" data-wp-class--show=\"state.isContentVisible\" data-wp-init=\"callbacks.setButtonStyles\" data-wp-on--click=\"actions.showLightbox\" data-wp-on--load=\"callbacks.setButtonStyles\" data-wp-on-window--resize=\"callbacks.setButtonStyles\" data-id=\"1958\" src=\"https:\/\/poblaflorbodas.poblaflor.com\/wp-content\/uploads\/2024\/11\/Marcia-y-Dani-9.jpeg\" alt=\"ramo preservado\" class=\"wp-image-1958\" srcset=\"https:\/\/poblaflorbodas.poblaflor.com\/wp-content\/uploads\/2024\/11\/Marcia-y-Dani-9.jpeg 644w, https:\/\/poblaflorbodas.poblaflor.com\/wp-content\/uploads\/2024\/11\/Marcia-y-Dani-9-239x300.jpeg 239w, https:\/\/poblaflorbodas.poblaflor.com\/wp-content\/uploads\/2024\/11\/Marcia-y-Dani-9-230x289.jpeg 230w, https:\/\/poblaflorbodas.poblaflor.com\/wp-content\/uploads\/2024\/11\/Marcia-y-Dani-9-350x440.jpeg 350w, https:\/\/poblaflorbodas.poblaflor.com\/wp-content\/uploads\/2024\/11\/Marcia-y-Dani-9-480x604.jpeg 480w\" sizes=\"(max-width: 644px) 100vw, 644px\" \/><button\n\t\t\tclass=\"lightbox-trigger\"\n\t\t\ttype=\"button\"\n\t\t\taria-haspopup=\"dialog\"\n\t\t\taria-label=\"Agrandar\"\n\t\t\tdata-wp-init=\"callbacks.initTriggerButton\"\n\t\t\tdata-wp-on--click=\"actions.showLightbox\"\n\t\t\tdata-wp-style--right=\"state.imageButtonRight\"\n\t\t\tdata-wp-style--top=\"state.imageButtonTop\"\n\t\t>\n\t\t\t<svg xmlns=\"http:\/\/www.w3.org\/2000\/svg\" width=\"12\" height=\"12\" fill=\"none\" viewBox=\"0 0 12 12\">\n\t\t\t\t<path fill=\"#fff\" d=\"M2 0a2 2 0 0 0-2 2v2h1.5V2a.5.5 0 0 1 .5-.5h2V0H2Zm2 10.5H2a.5.5 0 0 1-.5-.5V8H0v2a2 2 0 0 0 2 2h2v-1.5ZM8 12v-1.5h2a.5.5 0 0 0 .5-.5V8H12v2a2 2 0 0 1-2 2H8Zm2-12a2 2 0 0 1 2 2v2h-1.5V2a.5.5 0 0 0-.5-.5H8V0h2Z\" \/>\n\t\t\t<\/svg>\n\t\t<\/button><\/figure>\n\n\n\n<figure data-wp-context=\"{&quot;imageId&quot;:&quot;69f23f498fe0c&quot;}\" data-wp-interactive=\"core\/image\" data-wp-key=\"69f23f498fe0c\" class=\"wp-block-image size-large wp-lightbox-container\"><img loading=\"lazy\" decoding=\"async\" width=\"768\" height=\"1024\" data-wp-class--hide=\"state.isContentHidden\" data-wp-class--show=\"state.isContentVisible\" data-wp-init=\"callbacks.setButtonStyles\" data-wp-on--click=\"actions.showLightbox\" data-wp-on--load=\"callbacks.setButtonStyles\" data-wp-on-window--resize=\"callbacks.setButtonStyles\" data-id=\"1956\" src=\"https:\/\/poblaflorbodas.poblaflor.com\/wp-content\/uploads\/2024\/11\/Marcia-y-Dani-6-768x1024.jpeg\" alt=\"altar iglesia\" class=\"wp-image-1956\" srcset=\"https:\/\/poblaflorbodas.poblaflor.com\/wp-content\/uploads\/2024\/11\/Marcia-y-Dani-6-768x1024.jpeg 768w, https:\/\/poblaflorbodas.poblaflor.com\/wp-content\/uploads\/2024\/11\/Marcia-y-Dani-6-225x300.jpeg 225w, https:\/\/poblaflorbodas.poblaflor.com\/wp-content\/uploads\/2024\/11\/Marcia-y-Dani-6-1152x1536.jpeg 1152w, https:\/\/poblaflorbodas.poblaflor.com\/wp-content\/uploads\/2024\/11\/Marcia-y-Dani-6-1000x1333.jpeg 1000w, https:\/\/poblaflorbodas.poblaflor.com\/wp-content\/uploads\/2024\/11\/Marcia-y-Dani-6-230x307.jpeg 230w, https:\/\/poblaflorbodas.poblaflor.com\/wp-content\/uploads\/2024\/11\/Marcia-y-Dani-6-350x467.jpeg 350w, https:\/\/poblaflorbodas.poblaflor.com\/wp-content\/uploads\/2024\/11\/Marcia-y-Dani-6-480x640.jpeg 480w, https:\/\/poblaflorbodas.poblaflor.com\/wp-content\/uploads\/2024\/11\/Marcia-y-Dani-6.jpeg 1200w\" sizes=\"(max-width: 768px) 100vw, 768px\" \/><button\n\t\t\tclass=\"lightbox-trigger\"\n\t\t\ttype=\"button\"\n\t\t\taria-haspopup=\"dialog\"\n\t\t\taria-label=\"Agrandar\"\n\t\t\tdata-wp-init=\"callbacks.initTriggerButton\"\n\t\t\tdata-wp-on--click=\"actions.showLightbox\"\n\t\t\tdata-wp-style--right=\"state.imageButtonRight\"\n\t\t\tdata-wp-style--top=\"state.imageButtonTop\"\n\t\t>\n\t\t\t<svg xmlns=\"http:\/\/www.w3.org\/2000\/svg\" width=\"12\" height=\"12\" fill=\"none\" viewBox=\"0 0 12 12\">\n\t\t\t\t<path fill=\"#fff\" d=\"M2 0a2 2 0 0 0-2 2v2h1.5V2a.5.5 0 0 1 .5-.5h2V0H2Zm2 10.5H2a.5.5 0 0 1-.5-.5V8H0v2a2 2 0 0 0 2 2h2v-1.5ZM8 12v-1.5h2a.5.5 0 0 0 .5-.5V8H12v2a2 2 0 0 1-2 2H8Zm2-12a2 2 0 0 1 2 2v2h-1.5V2a.5.5 0 0 0-.5-.5H8V0h2Z\" \/>\n\t\t\t<\/svg>\n\t\t<\/button><\/figure>\n<\/figure>\n\n\n\n<figure class=\"wp-block-embed is-type-video is-provider-youtube wp-block-embed-youtube wp-embed-aspect-16-9 wp-has-aspect-ratio\"><div class=\"wp-block-embed__wrapper\">\n<iframe title=\"Marcia y Dani\" width=\"563\" height=\"1000\" src=\"https:\/\/www.youtube.com\/embed\/6GBIvLFOIVI?feature=oembed\" frameborder=\"0\" allow=\"accelerometer; autoplay; clipboard-write; encrypted-media; gyroscope; picture-in-picture; web-share\" referrerpolicy=\"strict-origin-when-cross-origin\" allowfullscreen><\/iframe>\n<\/div><\/figure>\n","protected":false},"excerpt":{"rendered":"<p>Tiempo atr\u00e1s estuvimos de boda en Abejuela, un pueblecito de la provincia de Teruel. Recuerdo a nuestros novios cuando vinieron a nuestra [&hellip;]<\/p>\n","protected":false},"author":1,"featured_media":1957,"comment_status":"open","ping_status":"closed","sticky":false,"template":"","format":"standard","meta":{"footnotes":""},"categories":[6],"tags":[],"class_list":["post-1950","post","type-post","status-publish","format-standard","has-post-thumbnail","hentry","category-bodas-religiosas"],"_links":{"self":[{"href":"https:\/\/poblaflorbodas.poblaflor.com\/index.php\/wp-json\/wp\/v2\/posts\/1950","targetHints":{"allow":["GET"]}}],"collection":[{"href":"https:\/\/poblaflorbodas.poblaflor.com\/index.php\/wp-json\/wp\/v2\/posts"}],"about":[{"href":"https:\/\/poblaflorbodas.poblaflor.com\/index.php\/wp-json\/wp\/v2\/types\/post"}],"author":[{"embeddable":true,"href":"https:\/\/poblaflorbodas.poblaflor.com\/index.php\/wp-json\/wp\/v2\/users\/1"}],"replies":[{"embeddable":true,"href":"https:\/\/poblaflorbodas.poblaflor.com\/index.php\/wp-json\/wp\/v2\/comments?post=1950"}],"version-history":[{"count":8,"href":"https:\/\/poblaflorbodas.poblaflor.com\/index.php\/wp-json\/wp\/v2\/posts\/1950\/revisions"}],"predecessor-version":[{"id":2471,"href":"https:\/\/poblaflorbodas.poblaflor.com\/index.php\/wp-json\/wp\/v2\/posts\/1950\/revisions\/2471"}],"wp:featuredmedia":[{"embeddable":true,"href":"https:\/\/poblaflorbodas.poblaflor.com\/index.php\/wp-json\/wp\/v2\/media\/1957"}],"wp:attachment":[{"href":"https:\/\/poblaflorbodas.poblaflor.com\/index.php\/wp-json\/wp\/v2\/media?parent=1950"}],"wp:term":[{"taxonomy":"category","embeddable":true,"href":"https:\/\/poblaflorbodas.poblaflor.com\/index.php\/wp-json\/wp\/v2\/categories?post=1950"},{"taxonomy":"post_tag","embeddable":true,"href":"https:\/\/poblaflorbodas.poblaflor.com\/index.php\/wp-json\/wp\/v2\/tags?post=1950"}],"curies":[{"name":"wp","href":"https:\/\/api.w.org\/{rel}","templated":true}]}}