{"id":1776,"date":"2024-09-19T07:59:30","date_gmt":"2024-09-19T07:59:30","guid":{"rendered":"https:\/\/poblaflorbodas.poblaflor.com\/?p=1776"},"modified":"2025-12-15T09:40:33","modified_gmt":"2025-12-15T09:40:33","slug":"ramo-de-novia-dividido","status":"publish","type":"post","link":"https:\/\/poblaflorbodas.poblaflor.com\/index.php\/2024\/09\/19\/ramo-de-novia-dividido\/","title":{"rendered":"RAMO DE NOVIA DIVIDIDO"},"content":{"rendered":"\n<p class=\"has-text-align-center has-medium-font-size\">A Ana le encant\u00f3 su ramo.<\/p>\n\n\n\n<p class=\"has-text-align-center has-medium-font-size\">Cuando vino, se le hizo la sugerencia de hacerlo dividido en 2, idea que le gust\u00f3 porque ten\u00eda en mente lo que quer\u00eda hacer con \u00e9l.<\/p>\n\n\n\n<p class=\"has-text-align-center has-medium-font-size\">Hay muchas novias como Ana, pero no siempre el ramo que les gusta tiene esa opci\u00f3n. Pero aqu\u00ed pod\u00e9is comprobar lo bonito que qued\u00f3 \u00e9l de ella.<\/p>\n\n\n\n<p class=\"has-text-align-center has-medium-font-size\"><\/p>\n\n\n\n<figure class=\"wp-block-gallery has-nested-images columns-default is-cropped wp-block-gallery-1 is-layout-flex wp-block-gallery-is-layout-flex\">\n<figure data-wp-context=\"{&quot;imageId&quot;:&quot;69f25f2415920&quot;}\" data-wp-interactive=\"core\/image\" data-wp-key=\"69f25f2415920\" class=\"wp-block-image size-full wp-lightbox-container\"><img fetchpriority=\"high\" decoding=\"async\" width=\"1200\" height=\"1113\" data-wp-class--hide=\"state.isContentHidden\" data-wp-class--show=\"state.isContentVisible\" data-wp-init=\"callbacks.setButtonStyles\" data-wp-on--click=\"actions.showLightbox\" data-wp-on--load=\"callbacks.setButtonStyles\" data-wp-on-window--resize=\"callbacks.setButtonStyles\" data-id=\"1780\" src=\"https:\/\/poblaflorbodas.poblaflor.com\/wp-content\/uploads\/2024\/09\/Ana-4.jpeg\" alt=\"\" class=\"wp-image-1780\" srcset=\"https:\/\/poblaflorbodas.poblaflor.com\/wp-content\/uploads\/2024\/09\/Ana-4.jpeg 1200w, https:\/\/poblaflorbodas.poblaflor.com\/wp-content\/uploads\/2024\/09\/Ana-4-300x278.jpeg 300w, https:\/\/poblaflorbodas.poblaflor.com\/wp-content\/uploads\/2024\/09\/Ana-4-1024x950.jpeg 1024w, https:\/\/poblaflorbodas.poblaflor.com\/wp-content\/uploads\/2024\/09\/Ana-4-768x712.jpeg 768w, https:\/\/poblaflorbodas.poblaflor.com\/wp-content\/uploads\/2024\/09\/Ana-4-1000x928.jpeg 1000w, https:\/\/poblaflorbodas.poblaflor.com\/wp-content\/uploads\/2024\/09\/Ana-4-230x213.jpeg 230w, https:\/\/poblaflorbodas.poblaflor.com\/wp-content\/uploads\/2024\/09\/Ana-4-350x325.jpeg 350w, https:\/\/poblaflorbodas.poblaflor.com\/wp-content\/uploads\/2024\/09\/Ana-4-480x445.jpeg 480w\" sizes=\"(max-width: 1200px) 100vw, 1200px\" \/><button\n\t\t\tclass=\"lightbox-trigger\"\n\t\t\ttype=\"button\"\n\t\t\taria-haspopup=\"dialog\"\n\t\t\taria-label=\"Agrandar\"\n\t\t\tdata-wp-init=\"callbacks.initTriggerButton\"\n\t\t\tdata-wp-on--click=\"actions.showLightbox\"\n\t\t\tdata-wp-style--right=\"state.imageButtonRight\"\n\t\t\tdata-wp-style--top=\"state.imageButtonTop\"\n\t\t>\n\t\t\t<svg xmlns=\"http:\/\/www.w3.org\/2000\/svg\" width=\"12\" height=\"12\" fill=\"none\" viewBox=\"0 0 12 12\">\n\t\t\t\t<path fill=\"#fff\" d=\"M2 0a2 2 0 0 0-2 2v2h1.5V2a.5.5 0 0 1 .5-.5h2V0H2Zm2 10.5H2a.5.5 0 0 1-.5-.5V8H0v2a2 2 0 0 0 2 2h2v-1.5ZM8 12v-1.5h2a.5.5 0 0 0 .5-.5V8H12v2a2 2 0 0 1-2 2H8Zm2-12a2 2 0 0 1 2 2v2h-1.5V2a.5.5 0 0 0-.5-.5H8V0h2Z\" \/>\n\t\t\t<\/svg>\n\t\t<\/button><\/figure>\n\n\n\n<figure data-wp-context=\"{&quot;imageId&quot;:&quot;69f25f2415d6f&quot;}\" data-wp-interactive=\"core\/image\" data-wp-key=\"69f25f2415d6f\" class=\"wp-block-image size-full wp-lightbox-container\"><img decoding=\"async\" width=\"1200\" height=\"1600\" data-wp-class--hide=\"state.isContentHidden\" data-wp-class--show=\"state.isContentVisible\" data-wp-init=\"callbacks.setButtonStyles\" data-wp-on--click=\"actions.showLightbox\" data-wp-on--load=\"callbacks.setButtonStyles\" data-wp-on-window--resize=\"callbacks.setButtonStyles\" data-id=\"1781\" src=\"https:\/\/poblaflorbodas.poblaflor.com\/wp-content\/uploads\/2024\/09\/Ana-5.jpeg\" alt=\"\" class=\"wp-image-1781\" srcset=\"https:\/\/poblaflorbodas.poblaflor.com\/wp-content\/uploads\/2024\/09\/Ana-5.jpeg 1200w, https:\/\/poblaflorbodas.poblaflor.com\/wp-content\/uploads\/2024\/09\/Ana-5-225x300.jpeg 225w, https:\/\/poblaflorbodas.poblaflor.com\/wp-content\/uploads\/2024\/09\/Ana-5-768x1024.jpeg 768w, https:\/\/poblaflorbodas.poblaflor.com\/wp-content\/uploads\/2024\/09\/Ana-5-1152x1536.jpeg 1152w, https:\/\/poblaflorbodas.poblaflor.com\/wp-content\/uploads\/2024\/09\/Ana-5-1000x1333.jpeg 1000w, https:\/\/poblaflorbodas.poblaflor.com\/wp-content\/uploads\/2024\/09\/Ana-5-230x307.jpeg 230w, https:\/\/poblaflorbodas.poblaflor.com\/wp-content\/uploads\/2024\/09\/Ana-5-350x467.jpeg 350w, https:\/\/poblaflorbodas.poblaflor.com\/wp-content\/uploads\/2024\/09\/Ana-5-480x640.jpeg 480w\" sizes=\"(max-width: 1200px) 100vw, 1200px\" \/><button\n\t\t\tclass=\"lightbox-trigger\"\n\t\t\ttype=\"button\"\n\t\t\taria-haspopup=\"dialog\"\n\t\t\taria-label=\"Agrandar\"\n\t\t\tdata-wp-init=\"callbacks.initTriggerButton\"\n\t\t\tdata-wp-on--click=\"actions.showLightbox\"\n\t\t\tdata-wp-style--right=\"state.imageButtonRight\"\n\t\t\tdata-wp-style--top=\"state.imageButtonTop\"\n\t\t>\n\t\t\t<svg xmlns=\"http:\/\/www.w3.org\/2000\/svg\" width=\"12\" height=\"12\" fill=\"none\" viewBox=\"0 0 12 12\">\n\t\t\t\t<path fill=\"#fff\" d=\"M2 0a2 2 0 0 0-2 2v2h1.5V2a.5.5 0 0 1 .5-.5h2V0H2Zm2 10.5H2a.5.5 0 0 1-.5-.5V8H0v2a2 2 0 0 0 2 2h2v-1.5ZM8 12v-1.5h2a.5.5 0 0 0 .5-.5V8H12v2a2 2 0 0 1-2 2H8Zm2-12a2 2 0 0 1 2 2v2h-1.5V2a.5.5 0 0 0-.5-.5H8V0h2Z\" \/>\n\t\t\t<\/svg>\n\t\t<\/button><\/figure>\n\n\n\n<figure data-wp-context=\"{&quot;imageId&quot;:&quot;69f25f24160a0&quot;}\" data-wp-interactive=\"core\/image\" data-wp-key=\"69f25f24160a0\" class=\"wp-block-image size-full wp-lightbox-container\"><img decoding=\"async\" width=\"433\" height=\"577\" data-wp-class--hide=\"state.isContentHidden\" data-wp-class--show=\"state.isContentVisible\" data-wp-init=\"callbacks.setButtonStyles\" data-wp-on--click=\"actions.showLightbox\" data-wp-on--load=\"callbacks.setButtonStyles\" data-wp-on-window--resize=\"callbacks.setButtonStyles\" data-id=\"1778\" src=\"https:\/\/poblaflorbodas.poblaflor.com\/wp-content\/uploads\/2024\/09\/Ana-2.png\" alt=\"\" class=\"wp-image-1778\" srcset=\"https:\/\/poblaflorbodas.poblaflor.com\/wp-content\/uploads\/2024\/09\/Ana-2.png 433w, https:\/\/poblaflorbodas.poblaflor.com\/wp-content\/uploads\/2024\/09\/Ana-2-225x300.png 225w, https:\/\/poblaflorbodas.poblaflor.com\/wp-content\/uploads\/2024\/09\/Ana-2-230x306.png 230w, https:\/\/poblaflorbodas.poblaflor.com\/wp-content\/uploads\/2024\/09\/Ana-2-350x466.png 350w\" sizes=\"(max-width: 433px) 100vw, 433px\" \/><button\n\t\t\tclass=\"lightbox-trigger\"\n\t\t\ttype=\"button\"\n\t\t\taria-haspopup=\"dialog\"\n\t\t\taria-label=\"Agrandar\"\n\t\t\tdata-wp-init=\"callbacks.initTriggerButton\"\n\t\t\tdata-wp-on--click=\"actions.showLightbox\"\n\t\t\tdata-wp-style--right=\"state.imageButtonRight\"\n\t\t\tdata-wp-style--top=\"state.imageButtonTop\"\n\t\t>\n\t\t\t<svg xmlns=\"http:\/\/www.w3.org\/2000\/svg\" width=\"12\" height=\"12\" fill=\"none\" viewBox=\"0 0 12 12\">\n\t\t\t\t<path fill=\"#fff\" d=\"M2 0a2 2 0 0 0-2 2v2h1.5V2a.5.5 0 0 1 .5-.5h2V0H2Zm2 10.5H2a.5.5 0 0 1-.5-.5V8H0v2a2 2 0 0 0 2 2h2v-1.5ZM8 12v-1.5h2a.5.5 0 0 0 .5-.5V8H12v2a2 2 0 0 1-2 2H8Zm2-12a2 2 0 0 1 2 2v2h-1.5V2a.5.5 0 0 0-.5-.5H8V0h2Z\" \/>\n\t\t\t<\/svg>\n\t\t<\/button><\/figure>\n\n\n\n<figure data-wp-context=\"{&quot;imageId&quot;:&quot;69f25f24163f0&quot;}\" data-wp-interactive=\"core\/image\" data-wp-key=\"69f25f24163f0\" class=\"wp-block-image size-full wp-lightbox-container\"><img loading=\"lazy\" decoding=\"async\" width=\"433\" height=\"577\" data-wp-class--hide=\"state.isContentHidden\" data-wp-class--show=\"state.isContentVisible\" data-wp-init=\"callbacks.setButtonStyles\" data-wp-on--click=\"actions.showLightbox\" data-wp-on--load=\"callbacks.setButtonStyles\" data-wp-on-window--resize=\"callbacks.setButtonStyles\" data-id=\"1782\" src=\"https:\/\/poblaflorbodas.poblaflor.com\/wp-content\/uploads\/2024\/09\/Ana-6.png\" alt=\"\" class=\"wp-image-1782\" srcset=\"https:\/\/poblaflorbodas.poblaflor.com\/wp-content\/uploads\/2024\/09\/Ana-6.png 433w, https:\/\/poblaflorbodas.poblaflor.com\/wp-content\/uploads\/2024\/09\/Ana-6-225x300.png 225w, https:\/\/poblaflorbodas.poblaflor.com\/wp-content\/uploads\/2024\/09\/Ana-6-230x306.png 230w, https:\/\/poblaflorbodas.poblaflor.com\/wp-content\/uploads\/2024\/09\/Ana-6-350x466.png 350w\" sizes=\"(max-width: 433px) 100vw, 433px\" \/><button\n\t\t\tclass=\"lightbox-trigger\"\n\t\t\ttype=\"button\"\n\t\t\taria-haspopup=\"dialog\"\n\t\t\taria-label=\"Agrandar\"\n\t\t\tdata-wp-init=\"callbacks.initTriggerButton\"\n\t\t\tdata-wp-on--click=\"actions.showLightbox\"\n\t\t\tdata-wp-style--right=\"state.imageButtonRight\"\n\t\t\tdata-wp-style--top=\"state.imageButtonTop\"\n\t\t>\n\t\t\t<svg xmlns=\"http:\/\/www.w3.org\/2000\/svg\" width=\"12\" height=\"12\" fill=\"none\" viewBox=\"0 0 12 12\">\n\t\t\t\t<path fill=\"#fff\" d=\"M2 0a2 2 0 0 0-2 2v2h1.5V2a.5.5 0 0 1 .5-.5h2V0H2Zm2 10.5H2a.5.5 0 0 1-.5-.5V8H0v2a2 2 0 0 0 2 2h2v-1.5ZM8 12v-1.5h2a.5.5 0 0 0 .5-.5V8H12v2a2 2 0 0 1-2 2H8Zm2-12a2 2 0 0 1 2 2v2h-1.5V2a.5.5 0 0 0-.5-.5H8V0h2Z\" \/>\n\t\t\t<\/svg>\n\t\t<\/button><\/figure>\n\n\n\n<figure data-wp-context=\"{&quot;imageId&quot;:&quot;69f25f2416731&quot;}\" data-wp-interactive=\"core\/image\" data-wp-key=\"69f25f2416731\" class=\"wp-block-image size-full wp-lightbox-container\"><img loading=\"lazy\" decoding=\"async\" width=\"1200\" height=\"859\" data-wp-class--hide=\"state.isContentHidden\" data-wp-class--show=\"state.isContentVisible\" data-wp-init=\"callbacks.setButtonStyles\" data-wp-on--click=\"actions.showLightbox\" data-wp-on--load=\"callbacks.setButtonStyles\" data-wp-on-window--resize=\"callbacks.setButtonStyles\" data-id=\"1779\" src=\"https:\/\/poblaflorbodas.poblaflor.com\/wp-content\/uploads\/2024\/09\/Ana-3.jpeg\" alt=\"\" class=\"wp-image-1779\" srcset=\"https:\/\/poblaflorbodas.poblaflor.com\/wp-content\/uploads\/2024\/09\/Ana-3.jpeg 1200w, https:\/\/poblaflorbodas.poblaflor.com\/wp-content\/uploads\/2024\/09\/Ana-3-300x215.jpeg 300w, https:\/\/poblaflorbodas.poblaflor.com\/wp-content\/uploads\/2024\/09\/Ana-3-1024x733.jpeg 1024w, https:\/\/poblaflorbodas.poblaflor.com\/wp-content\/uploads\/2024\/09\/Ana-3-768x550.jpeg 768w, https:\/\/poblaflorbodas.poblaflor.com\/wp-content\/uploads\/2024\/09\/Ana-3-1000x716.jpeg 1000w, https:\/\/poblaflorbodas.poblaflor.com\/wp-content\/uploads\/2024\/09\/Ana-3-230x165.jpeg 230w, https:\/\/poblaflorbodas.poblaflor.com\/wp-content\/uploads\/2024\/09\/Ana-3-350x251.jpeg 350w, https:\/\/poblaflorbodas.poblaflor.com\/wp-content\/uploads\/2024\/09\/Ana-3-480x344.jpeg 480w\" sizes=\"(max-width: 1200px) 100vw, 1200px\" \/><button\n\t\t\tclass=\"lightbox-trigger\"\n\t\t\ttype=\"button\"\n\t\t\taria-haspopup=\"dialog\"\n\t\t\taria-label=\"Agrandar\"\n\t\t\tdata-wp-init=\"callbacks.initTriggerButton\"\n\t\t\tdata-wp-on--click=\"actions.showLightbox\"\n\t\t\tdata-wp-style--right=\"state.imageButtonRight\"\n\t\t\tdata-wp-style--top=\"state.imageButtonTop\"\n\t\t>\n\t\t\t<svg xmlns=\"http:\/\/www.w3.org\/2000\/svg\" width=\"12\" height=\"12\" fill=\"none\" viewBox=\"0 0 12 12\">\n\t\t\t\t<path fill=\"#fff\" d=\"M2 0a2 2 0 0 0-2 2v2h1.5V2a.5.5 0 0 1 .5-.5h2V0H2Zm2 10.5H2a.5.5 0 0 1-.5-.5V8H0v2a2 2 0 0 0 2 2h2v-1.5ZM8 12v-1.5h2a.5.5 0 0 0 .5-.5V8H12v2a2 2 0 0 1-2 2H8Zm2-12a2 2 0 0 1 2 2v2h-1.5V2a.5.5 0 0 0-.5-.5H8V0h2Z\" \/>\n\t\t\t<\/svg>\n\t\t<\/button><\/figure>\n<\/figure>\n\n\n\n<p><\/p>\n","protected":false},"excerpt":{"rendered":"<p>A Ana le encant\u00f3 su ramo. Cuando vino, se le hizo la sugerencia de hacerlo dividido en 2, idea que le gust\u00f3 [&hellip;]<\/p>\n","protected":false},"author":1,"featured_media":1777,"comment_status":"open","ping_status":"closed","sticky":false,"template":"","format":"standard","meta":{"footnotes":""},"categories":[7,6],"tags":[],"class_list":["post-1776","post","type-post","status-publish","format-standard","has-post-thumbnail","hentry","category-bodas-civiles","category-bodas-religiosas"],"_links":{"self":[{"href":"https:\/\/poblaflorbodas.poblaflor.com\/index.php\/wp-json\/wp\/v2\/posts\/1776","targetHints":{"allow":["GET"]}}],"collection":[{"href":"https:\/\/poblaflorbodas.poblaflor.com\/index.php\/wp-json\/wp\/v2\/posts"}],"about":[{"href":"https:\/\/poblaflorbodas.poblaflor.com\/index.php\/wp-json\/wp\/v2\/types\/post"}],"author":[{"embeddable":true,"href":"https:\/\/poblaflorbodas.poblaflor.com\/index.php\/wp-json\/wp\/v2\/users\/1"}],"replies":[{"embeddable":true,"href":"https:\/\/poblaflorbodas.poblaflor.com\/index.php\/wp-json\/wp\/v2\/comments?post=1776"}],"version-history":[{"count":2,"href":"https:\/\/poblaflorbodas.poblaflor.com\/index.php\/wp-json\/wp\/v2\/posts\/1776\/revisions"}],"predecessor-version":[{"id":2491,"href":"https:\/\/poblaflorbodas.poblaflor.com\/index.php\/wp-json\/wp\/v2\/posts\/1776\/revisions\/2491"}],"wp:featuredmedia":[{"embeddable":true,"href":"https:\/\/poblaflorbodas.poblaflor.com\/index.php\/wp-json\/wp\/v2\/media\/1777"}],"wp:attachment":[{"href":"https:\/\/poblaflorbodas.poblaflor.com\/index.php\/wp-json\/wp\/v2\/media?parent=1776"}],"wp:term":[{"taxonomy":"category","embeddable":true,"href":"https:\/\/poblaflorbodas.poblaflor.com\/index.php\/wp-json\/wp\/v2\/categories?post=1776"},{"taxonomy":"post_tag","embeddable":true,"href":"https:\/\/poblaflorbodas.poblaflor.com\/index.php\/wp-json\/wp\/v2\/tags?post=1776"}],"curies":[{"name":"wp","href":"https:\/\/api.w.org\/{rel}","templated":true}]}}